{"id":448,"date":"2017-12-08T11:43:10","date_gmt":"2017-12-08T10:43:10","guid":{"rendered":"https:\/\/naffo.de\/naffo-position-zur-us-anerkennung-jerusalems-als-israelische-hauptstadt\/"},"modified":"2019-05-27T11:21:28","modified_gmt":"2019-05-27T09:21:28","slug":"naffo-position-zur-us-anerkennung-jerusalems-als-israelische-hauptstadt","status":"publish","type":"post","link":"https:\/\/naffo.de\/en\/naffo-position-zur-us-anerkennung-jerusalems-als-israelische-hauptstadt\/","title":{"rendered":"NAFFO-Position zur US-Anerkennung Jerusalems als israelische Hauptstadt"},"content":{"rendered":"<div class=\"wpb-content-wrapper\"><p>[vc_row css_animation=&#8221;&#8221; row_type=&#8221;row&#8221; use_row_as_full_screen_section=&#8221;no&#8221; type=&#8221;full_width&#8221; angled_section=&#8221;no&#8221; text_align=&#8221;left&#8221; background_image_as_pattern=&#8221;without_pattern&#8221;][vc_column][vc_column_text]Trumps Jerusalem-Entscheidung<\/p>\n<p>Die Entscheidung von US-Pr\u00e4sident Trump, Jerusalem als Hauptstadt Israels offiziell anzuerkennen, hat erwartungsgem\u00e4\u00df f\u00fcr nachvollziehbaren Unmut bei den Pal\u00e4stinensern und in der arabischen Welt gesorgt. Auch im Westen gab und gibt es Irritationen. So hat sich unter anderem Bundeskanzlerin Merkel klar distanziert: \u201eDie Bundesregierung unterst\u00fctzt diese Haltung nicht, weil der Status von Jerusalem im Rahmen einer Zwei-Staaten-L\u00f6sung auszuhandeln ist.\u201c<\/p>\n<p>Dar\u00fcber, ob der amerikanische Schritt der diplomatischen Weisheit letzter Schluss ist, l\u00e4sst sich streiten. V\u00f6lkerrechtlich schafft er zun\u00e4chst keine neuen Tatsachen. Israels Regierung, Parlament und Oberstes Gericht waren auch schon vorher in Jerusalem. \u00c4gyptens damaliger Pr\u00e4sident Sadat hielt 1977 seine Friedensrede vor der Knesset in Jerusalem. Genauso, wie viele andere Staatsoberh\u00e4upter, darunter auch Bundeskanzlerin Merkel, ebendort sprachen.<\/p>\n<p>Israel hat 1980 ganz Jerusalem zu seiner \u201eewigen und unteilbaren\u201c Hauptstadt erkl\u00e4rt. Niemand, einschlie\u00dflich der Pal\u00e4stinenser, geht ernsthaft davon aus, dass es diesen Anspruch jemals aufgeben wird.<\/p>\n<p>Dennoch g\u00e4be es \u2013 wenn es irgendwann zu Friedensgespr\u00e4chen zwischen beiden Parteien kommt \u2013 auch hier Verhandlungsspielraum. 2006 hatte der damalige israelische Ministerpr\u00e4sident Olmert einen Friedensplan vorgelegt, der vorsah, dass sich Israel aus den mehrheitlich arabisch besiedelten Vierteln Jerusalems zur\u00fcckziehen und die heiligen St\u00e4tten der Altstadt unter internationale Kontrolle stellen w\u00fcrde. Die Pal\u00e4stinensische Autonomiebeh\u00f6rde (PA) unter Pr\u00e4sident Abbas lehnte diesen Plan damals ab. Seither hat sich in dieser Frage, wie im Konflikt generell, nichts Wesentliches bewegt.<\/p>\n<p>Eine Politik, die sich darauf beschr\u00e4nkt, zu beschw\u00f6ren, dass der Endstatus Jerusalems erst im Rahmen einer Zwei-Staaten-L\u00f6sung bestimmt werden darf, l\u00e4uft Gefahr, weiter politisch wirkungslos zu bleiben. Trumps umstrittener Schritt k\u00f6nnte allerdings auch positive Folgen haben: Er k\u00f6nnte die seit Jahren festgefahrenen diplomatischen Frontstellungen wieder in Bewegung zu bringen. Um eine Anleihe bei der deutschen Nachkriegsgeschichte zu machen: Es war erst die Anerkennung der DDR durch blockfreie Staaten Ende der 1960er-Jahre, die Bonn zwang, von der jahrzehntelangen Fiktion der v\u00f6lkerrechtlichen Inexistenz des anderen Deutschlands abzur\u00fccken und erste Schritte in Richtung einer neuen Ostpolitik zu wagen. \u00c4hnlich k\u00f6nnte f\u00fcr die PA die amerikanische Anerkennung Jerusalems als israelischer Hauptstadt ein zwar r\u00fcder, aber wirkungsvoller Weckruf sein: Wenn die Pal\u00e4stinenser das Ziel eines eigenen, international und auch von Israel anerkannten Staates erreichen wollen, sollten sie ihre jahrzehntelange Verweigerungshaltung beenden.<\/p>\n<p>Deutschland k\u00f6nnte helfen, das jetzt entstandene Momentum produktiv zu nutzen, indem es zusammen mit seinen EU-Partnern initiativ wird, um neue, direkte und ernsthafte Verhandlungen zwischen Israel und der PA zu f\u00f6rdern. Die USA werden in weiten Teilen der arabischen Welt inzwischen als Parteig\u00e4nger Israels betrachtet. Europa sollte umgekehrt vermeiden, in den Augen Israels als Sachwalter pal\u00e4stinensischer Interessen zu erscheinen. Dann hat es die Chance, als ehrlicher Makler seinen Teil zur L\u00f6sung des Konflikts beizutragen.<\/p>\n<div class=\"clearfix\"><\/div>\n<p>[\/vc_column_text][\/vc_column][\/vc_row]<\/p>\n<\/div>","protected":false},"excerpt":{"rendered":"<p>[vc_row css_animation=&#8221;&#8221; row_type=&#8221;row&#8221; use_row_as_full_screen_section=&#8221;no&#8221; type=&#8221;full_width&#8221; angled_section=&#8221;no&#8221; text_align=&#8221;left&#8221; background_image_as_pattern=&#8221;without_pattern&#8221;][vc_column][vc_column_text]Trumps Jerusalem-Entscheidung Die Entscheidung von US-Pr\u00e4sident Trump, Jerusalem als Hauptstadt Israels offiziell anzuerkennen, hat erwartungsgem\u00e4\u00df f\u00fcr nachvollziehbaren Unmut bei den Pal\u00e4stinensern und in der arabischen Welt gesorgt. Auch im Westen gab und gibt es Irritationen. So hat sich&#8230;<\/p>\n","protected":false},"author":14,"featured_media":0,"comment_status":"closed","ping_status":"open","sticky":false,"template":"","format":"standard","meta":{"_acf_changed":false,"inline_featured_image":false,"footnotes":""},"categories":[14,12],"tags":[],"class_list":["post-448","post","type-post","status-publish","format-standard","hentry","category-homepage","category-positions"],"acf":[],"yoast_head":"<!-- This site is optimized with the Yoast SEO plugin v27.4 - https:\/\/yoast.com\/product\/yoast-seo-wordpress\/ -->\n<title>NAFFO-Position zur US-Anerkennung Jerusalems als israelische Hauptstadt - NAFFO | NAHOST FRIEDENSFORUM<\/title>\n<meta name=\"description\" content=\"NAFFO ist ein Zusammenschluss engagierter B\u00fcrger in Deutschland, die sich f\u00fcr eine friedliche politische und gesellschaftliche Entwicklung im Nahen Osten einsetzen.\" \/>\n<meta name=\"robots\" content=\"index, follow, max-snippet:-1, max-image-preview:large, max-video-preview:-1\" \/>\n<link rel=\"canonical\" href=\"https:\/\/naffo.de\/en\/naffo-position-zur-us-anerkennung-jerusalems-als-israelische-hauptstadt\/\" \/>\n<meta property=\"og:locale\" content=\"en_US\" \/>\n<meta property=\"og:type\" content=\"article\" \/>\n<meta property=\"og:title\" content=\"NAFFO-Position zur US-Anerkennung Jerusalems als israelische Hauptstadt - NAFFO | NAHOST FRIEDENSFORUM\" \/>\n<meta property=\"og:description\" content=\"NAFFO ist ein Zusammenschluss engagierter B\u00fcrger in Deutschland, die sich f\u00fcr eine friedliche politische und gesellschaftliche Entwicklung im Nahen Osten einsetzen.\" \/>\n<meta property=\"og:url\" content=\"https:\/\/naffo.de\/en\/naffo-position-zur-us-anerkennung-jerusalems-als-israelische-hauptstadt\/\" \/>\n<meta property=\"og:site_name\" content=\"NAFFO | NAHOST FRIEDENSFORUM\" \/>\n<meta property=\"article:publisher\" content=\"https:\/\/www.facebook.com\/NAFFOeV\/\" \/>\n<meta property=\"article:published_time\" content=\"2017-12-08T10:43:10+00:00\" \/>\n<meta property=\"article:modified_time\" content=\"2019-05-27T09:21:28+00:00\" \/>\n<meta property=\"og:image\" content=\"https:\/\/naffo.de\/wp-content\/uploads\/2019\/06\/facebook.png\" \/>\n\t<meta property=\"og:image:width\" content=\"1200\" \/>\n\t<meta property=\"og:image:height\" content=\"630\" \/>\n\t<meta property=\"og:image:type\" content=\"image\/png\" \/>\n<meta name=\"author\" content=\"Gesch\u00e4ftsstelle NAFFO e.V.\" \/>\n<meta name=\"twitter:card\" content=\"summary_large_image\" \/>\n<meta name=\"twitter:label1\" content=\"Written by\" \/>\n\t<meta name=\"twitter:data1\" content=\"Gesch\u00e4ftsstelle NAFFO e.V.\" \/>\n\t<meta name=\"twitter:label2\" content=\"Est. reading time\" \/>\n\t<meta name=\"twitter:data2\" content=\"3 minutes\" \/>\n<script type=\"application\/ld+json\" class=\"yoast-schema-graph\">{\"@context\":\"https:\\\/\\\/schema.org\",\"@graph\":[{\"@type\":\"Article\",\"@id\":\"https:\\\/\\\/naffo.de\\\/en\\\/naffo-position-zur-us-anerkennung-jerusalems-als-israelische-hauptstadt\\\/#article\",\"isPartOf\":{\"@id\":\"https:\\\/\\\/naffo.de\\\/en\\\/naffo-position-zur-us-anerkennung-jerusalems-als-israelische-hauptstadt\\\/\"},\"author\":{\"name\":\"Gesch\u00e4ftsstelle NAFFO e.V.\",\"@id\":\"https:\\\/\\\/naffo.de\\\/en\\\/#\\\/schema\\\/person\\\/3bff89d88662f38c518ffea27f82fcce\"},\"headline\":\"NAFFO-Position zur US-Anerkennung Jerusalems als israelische Hauptstadt\",\"datePublished\":\"2017-12-08T10:43:10+00:00\",\"dateModified\":\"2019-05-27T09:21:28+00:00\",\"mainEntityOfPage\":{\"@id\":\"https:\\\/\\\/naffo.de\\\/en\\\/naffo-position-zur-us-anerkennung-jerusalems-als-israelische-hauptstadt\\\/\"},\"wordCount\":514,\"publisher\":{\"@id\":\"https:\\\/\\\/naffo.de\\\/en\\\/#organization\"},\"articleSection\":[\"Homepage\",\"Positions\"],\"inLanguage\":\"en-US\"},{\"@type\":\"WebPage\",\"@id\":\"https:\\\/\\\/naffo.de\\\/en\\\/naffo-position-zur-us-anerkennung-jerusalems-als-israelische-hauptstadt\\\/\",\"url\":\"https:\\\/\\\/naffo.de\\\/en\\\/naffo-position-zur-us-anerkennung-jerusalems-als-israelische-hauptstadt\\\/\",\"name\":\"NAFFO-Position zur US-Anerkennung Jerusalems als israelische Hauptstadt - NAFFO | NAHOST FRIEDENSFORUM\",\"isPartOf\":{\"@id\":\"https:\\\/\\\/naffo.de\\\/en\\\/#website\"},\"datePublished\":\"2017-12-08T10:43:10+00:00\",\"dateModified\":\"2019-05-27T09:21:28+00:00\",\"description\":\"NAFFO ist ein Zusammenschluss engagierter B\u00fcrger in Deutschland, die sich f\u00fcr eine friedliche politische und gesellschaftliche Entwicklung im Nahen Osten einsetzen.\",\"breadcrumb\":{\"@id\":\"https:\\\/\\\/naffo.de\\\/en\\\/naffo-position-zur-us-anerkennung-jerusalems-als-israelische-hauptstadt\\\/#breadcrumb\"},\"inLanguage\":\"en-US\",\"potentialAction\":[{\"@type\":\"ReadAction\",\"target\":[\"https:\\\/\\\/naffo.de\\\/en\\\/naffo-position-zur-us-anerkennung-jerusalems-als-israelische-hauptstadt\\\/\"]}]},{\"@type\":\"BreadcrumbList\",\"@id\":\"https:\\\/\\\/naffo.de\\\/en\\\/naffo-position-zur-us-anerkennung-jerusalems-als-israelische-hauptstadt\\\/#breadcrumb\",\"itemListElement\":[{\"@type\":\"ListItem\",\"position\":1,\"name\":\"Startseite\",\"item\":\"https:\\\/\\\/naffo.de\\\/en\\\/\"},{\"@type\":\"ListItem\",\"position\":2,\"name\":\"NAFFO-Position zur US-Anerkennung Jerusalems als israelische Hauptstadt\"}]},{\"@type\":\"WebSite\",\"@id\":\"https:\\\/\\\/naffo.de\\\/en\\\/#website\",\"url\":\"https:\\\/\\\/naffo.de\\\/en\\\/\",\"name\":\"NAFFO | NAHOST FRIEDENSFORUM\",\"description\":\"NAFFO | NAHOST FRIEDENSFORUM\",\"publisher\":{\"@id\":\"https:\\\/\\\/naffo.de\\\/en\\\/#organization\"},\"potentialAction\":[{\"@type\":\"SearchAction\",\"target\":{\"@type\":\"EntryPoint\",\"urlTemplate\":\"https:\\\/\\\/naffo.de\\\/en\\\/?s={search_term_string}\"},\"query-input\":{\"@type\":\"PropertyValueSpecification\",\"valueRequired\":true,\"valueName\":\"search_term_string\"}}],\"inLanguage\":\"en-US\"},{\"@type\":\"Organization\",\"@id\":\"https:\\\/\\\/naffo.de\\\/en\\\/#organization\",\"name\":\"Naffo e.V.\",\"url\":\"https:\\\/\\\/naffo.de\\\/en\\\/\",\"logo\":{\"@type\":\"ImageObject\",\"inLanguage\":\"en-US\",\"@id\":\"https:\\\/\\\/naffo.de\\\/en\\\/#\\\/schema\\\/logo\\\/image\\\/\",\"url\":\"https:\\\/\\\/naffo.de\\\/wp-content\\\/uploads\\\/2018\\\/11\\\/logo-4.svg\",\"contentUrl\":\"https:\\\/\\\/naffo.de\\\/wp-content\\\/uploads\\\/2018\\\/11\\\/logo-4.svg\",\"width\":1,\"height\":1,\"caption\":\"Naffo e.V.\"},\"image\":{\"@id\":\"https:\\\/\\\/naffo.de\\\/en\\\/#\\\/schema\\\/logo\\\/image\\\/\"},\"sameAs\":[\"https:\\\/\\\/www.facebook.com\\\/NAFFOeV\\\/\"]},{\"@type\":\"Person\",\"@id\":\"https:\\\/\\\/naffo.de\\\/en\\\/#\\\/schema\\\/person\\\/3bff89d88662f38c518ffea27f82fcce\",\"name\":\"Gesch\u00e4ftsstelle NAFFO e.V.\",\"url\":\"https:\\\/\\\/naffo.de\\\/en\\\/author\\\/arasn\\\/\"}]}<\/script>\n<!-- \/ Yoast SEO plugin. -->","yoast_head_json":{"title":"NAFFO-Position zur US-Anerkennung Jerusalems als israelische Hauptstadt - NAFFO | NAHOST FRIEDENSFORUM","description":"NAFFO ist ein Zusammenschluss engagierter B\u00fcrger in Deutschland, die sich f\u00fcr eine friedliche politische und gesellschaftliche Entwicklung im Nahen Osten einsetzen.","robots":{"index":"index","follow":"follow","max-snippet":"max-snippet:-1","max-image-preview":"max-image-preview:large","max-video-preview":"max-video-preview:-1"},"canonical":"https:\/\/naffo.de\/en\/naffo-position-zur-us-anerkennung-jerusalems-als-israelische-hauptstadt\/","og_locale":"en_US","og_type":"article","og_title":"NAFFO-Position zur US-Anerkennung Jerusalems als israelische Hauptstadt - NAFFO | NAHOST FRIEDENSFORUM","og_description":"NAFFO ist ein Zusammenschluss engagierter B\u00fcrger in Deutschland, die sich f\u00fcr eine friedliche politische und gesellschaftliche Entwicklung im Nahen Osten einsetzen.","og_url":"https:\/\/naffo.de\/en\/naffo-position-zur-us-anerkennung-jerusalems-als-israelische-hauptstadt\/","og_site_name":"NAFFO | NAHOST FRIEDENSFORUM","article_publisher":"https:\/\/www.facebook.com\/NAFFOeV\/","article_published_time":"2017-12-08T10:43:10+00:00","article_modified_time":"2019-05-27T09:21:28+00:00","og_image":[{"width":1200,"height":630,"url":"https:\/\/naffo.de\/wp-content\/uploads\/2019\/06\/facebook.png","type":"image\/png"}],"author":"Gesch\u00e4ftsstelle NAFFO e.V.","twitter_card":"summary_large_image","twitter_misc":{"Written by":"Gesch\u00e4ftsstelle NAFFO e.V.","Est. reading time":"3 minutes"},"schema":{"@context":"https:\/\/schema.org","@graph":[{"@type":"Article","@id":"https:\/\/naffo.de\/en\/naffo-position-zur-us-anerkennung-jerusalems-als-israelische-hauptstadt\/#article","isPartOf":{"@id":"https:\/\/naffo.de\/en\/naffo-position-zur-us-anerkennung-jerusalems-als-israelische-hauptstadt\/"},"author":{"name":"Gesch\u00e4ftsstelle NAFFO e.V.","@id":"https:\/\/naffo.de\/en\/#\/schema\/person\/3bff89d88662f38c518ffea27f82fcce"},"headline":"NAFFO-Position zur US-Anerkennung Jerusalems als israelische Hauptstadt","datePublished":"2017-12-08T10:43:10+00:00","dateModified":"2019-05-27T09:21:28+00:00","mainEntityOfPage":{"@id":"https:\/\/naffo.de\/en\/naffo-position-zur-us-anerkennung-jerusalems-als-israelische-hauptstadt\/"},"wordCount":514,"publisher":{"@id":"https:\/\/naffo.de\/en\/#organization"},"articleSection":["Homepage","Positions"],"inLanguage":"en-US"},{"@type":"WebPage","@id":"https:\/\/naffo.de\/en\/naffo-position-zur-us-anerkennung-jerusalems-als-israelische-hauptstadt\/","url":"https:\/\/naffo.de\/en\/naffo-position-zur-us-anerkennung-jerusalems-als-israelische-hauptstadt\/","name":"NAFFO-Position zur US-Anerkennung Jerusalems als israelische Hauptstadt - NAFFO | NAHOST FRIEDENSFORUM","isPartOf":{"@id":"https:\/\/naffo.de\/en\/#website"},"datePublished":"2017-12-08T10:43:10+00:00","dateModified":"2019-05-27T09:21:28+00:00","description":"NAFFO ist ein Zusammenschluss engagierter B\u00fcrger in Deutschland, die sich f\u00fcr eine friedliche politische und gesellschaftliche Entwicklung im Nahen Osten einsetzen.","breadcrumb":{"@id":"https:\/\/naffo.de\/en\/naffo-position-zur-us-anerkennung-jerusalems-als-israelische-hauptstadt\/#breadcrumb"},"inLanguage":"en-US","potentialAction":[{"@type":"ReadAction","target":["https:\/\/naffo.de\/en\/naffo-position-zur-us-anerkennung-jerusalems-als-israelische-hauptstadt\/"]}]},{"@type":"BreadcrumbList","@id":"https:\/\/naffo.de\/en\/naffo-position-zur-us-anerkennung-jerusalems-als-israelische-hauptstadt\/#breadcrumb","itemListElement":[{"@type":"ListItem","position":1,"name":"Startseite","item":"https:\/\/naffo.de\/en\/"},{"@type":"ListItem","position":2,"name":"NAFFO-Position zur US-Anerkennung Jerusalems als israelische Hauptstadt"}]},{"@type":"WebSite","@id":"https:\/\/naffo.de\/en\/#website","url":"https:\/\/naffo.de\/en\/","name":"NAFFO | NAHOST FRIEDENSFORUM","description":"NAFFO | NAHOST FRIEDENSFORUM","publisher":{"@id":"https:\/\/naffo.de\/en\/#organization"},"potentialAction":[{"@type":"SearchAction","target":{"@type":"EntryPoint","urlTemplate":"https:\/\/naffo.de\/en\/?s={search_term_string}"},"query-input":{"@type":"PropertyValueSpecification","valueRequired":true,"valueName":"search_term_string"}}],"inLanguage":"en-US"},{"@type":"Organization","@id":"https:\/\/naffo.de\/en\/#organization","name":"Naffo e.V.","url":"https:\/\/naffo.de\/en\/","logo":{"@type":"ImageObject","inLanguage":"en-US","@id":"https:\/\/naffo.de\/en\/#\/schema\/logo\/image\/","url":"https:\/\/naffo.de\/wp-content\/uploads\/2018\/11\/logo-4.svg","contentUrl":"https:\/\/naffo.de\/wp-content\/uploads\/2018\/11\/logo-4.svg","width":1,"height":1,"caption":"Naffo e.V."},"image":{"@id":"https:\/\/naffo.de\/en\/#\/schema\/logo\/image\/"},"sameAs":["https:\/\/www.facebook.com\/NAFFOeV\/"]},{"@type":"Person","@id":"https:\/\/naffo.de\/en\/#\/schema\/person\/3bff89d88662f38c518ffea27f82fcce","name":"Gesch\u00e4ftsstelle NAFFO e.V.","url":"https:\/\/naffo.de\/en\/author\/arasn\/"}]}},"_links":{"self":[{"href":"https:\/\/naffo.de\/en\/wp-json\/wp\/v2\/posts\/448","targetHints":{"allow":["GET"]}}],"collection":[{"href":"https:\/\/naffo.de\/en\/wp-json\/wp\/v2\/posts"}],"about":[{"href":"https:\/\/naffo.de\/en\/wp-json\/wp\/v2\/types\/post"}],"author":[{"embeddable":true,"href":"https:\/\/naffo.de\/en\/wp-json\/wp\/v2\/users\/14"}],"replies":[{"embeddable":true,"href":"https:\/\/naffo.de\/en\/wp-json\/wp\/v2\/comments?post=448"}],"version-history":[{"count":3,"href":"https:\/\/naffo.de\/en\/wp-json\/wp\/v2\/posts\/448\/revisions"}],"predecessor-version":[{"id":959,"href":"https:\/\/naffo.de\/en\/wp-json\/wp\/v2\/posts\/448\/revisions\/959"}],"wp:attachment":[{"href":"https:\/\/naffo.de\/en\/wp-json\/wp\/v2\/media?parent=448"}],"wp:term":[{"taxonomy":"category","embeddable":true,"href":"https:\/\/naffo.de\/en\/wp-json\/wp\/v2\/categories?post=448"},{"taxonomy":"post_tag","embeddable":true,"href":"https:\/\/naffo.de\/en\/wp-json\/wp\/v2\/tags?post=448"}],"curies":[{"name":"wp","href":"https:\/\/api.w.org\/{rel}","templated":true}]}}