{"id":445,"date":"2017-12-16T11:39:30","date_gmt":"2017-12-16T10:39:30","guid":{"rendered":"https:\/\/naffo.de\/deutschland-als-brueckenbauer-naffo-mdb-mitarbeiterreise-nach-israel-und-in-die-palaestinensischen-gebiete\/"},"modified":"2019-05-28T14:21:31","modified_gmt":"2019-05-28T12:21:31","slug":"deutschland-als-brueckenbauer-naffo-mdb-mitarbeiterreise-nach-israel-und-in-die-palaestinensischen-gebiete","status":"publish","type":"post","link":"https:\/\/naffo.de\/en\/deutschland-als-brueckenbauer-naffo-mdb-mitarbeiterreise-nach-israel-und-in-die-palaestinensischen-gebiete\/","title":{"rendered":"Deutschland als Br\u00fcckenbauer &#8211; NAFFO-MdB-Mitarbeiterreise nach Israel und in die Pal\u00e4stinensischen Gebiete"},"content":{"rendered":"<p>Vom 16. bis 21. Dezember 2017 wird NAFFO zum ersten Mal mit einer Gruppe von Abgeordnetenmitarbeitern Israel und die Pal\u00e4stinensischen Gebiete bereisen. Neben zahlreichen Gespr\u00e4chen und Begegnungen sind auch Workshops mit Mitarbeitern der Knesset und der Pal\u00e4stinensischen Autonomiebeh\u00f6rde vorgesehen.<\/p>\n<p>Diese Reise wird durch das Institut f\u00fcr Auslandsbeziehungen (ifa) gef\u00f6rdert.<\/p>\n","protected":false},"excerpt":{"rendered":"<p>Vom 16. bis 21. Dezember 2017 wird NAFFO zum ersten Mal mit einer Gruppe von Abgeordnetenmitarbeitern Israel und die Pal\u00e4stinensischen Gebiete bereisen. Neben zahlreichen Gespr\u00e4chen und Begegnungen sind auch Workshops mit Mitarbeitern der Knesset und der Pal\u00e4stinensischen Autonomiebeh\u00f6rde vorgesehen. Diese Reise wird durch das Institut&#8230;<\/p>\n","protected":false},"author":14,"featured_media":0,"comment_status":"closed","ping_status":"open","sticky":false,"template":"","format":"standard","meta":{"_acf_changed":false,"inline_featured_image":false,"footnotes":""},"categories":[13,14],"tags":[],"class_list":["post-445","post","type-post","status-publish","format-standard","hentry","category-activities","category-homepage"],"acf":[],"yoast_head":"<!-- This site is optimized with the Yoast SEO plugin v27.4 - https:\/\/yoast.com\/product\/yoast-seo-wordpress\/ -->\n<title>Deutschland als Br\u00fcckenbauer - NAFFO-MdB-Mitarbeiterreise nach Israel und in die Pal\u00e4stinensischen Gebiete - NAFFO | NAHOST FRIEDENSFORUM<\/title>\n<meta name=\"description\" content=\"NAFFO ist ein Zusammenschluss engagierter B\u00fcrger in Deutschland, die sich f\u00fcr eine friedliche politische und gesellschaftliche Entwicklung im Nahen Osten einsetzen.\" \/>\n<meta name=\"robots\" content=\"index, follow, max-snippet:-1, max-image-preview:large, max-video-preview:-1\" \/>\n<link rel=\"canonical\" href=\"https:\/\/naffo.de\/en\/deutschland-als-brueckenbauer-naffo-mdb-mitarbeiterreise-nach-israel-und-in-die-palaestinensischen-gebiete\/\" \/>\n<meta property=\"og:locale\" content=\"en_US\" \/>\n<meta property=\"og:type\" content=\"article\" \/>\n<meta property=\"og:title\" content=\"Deutschland als Br\u00fcckenbauer - NAFFO-MdB-Mitarbeiterreise nach Israel und in die Pal\u00e4stinensischen Gebiete - NAFFO | NAHOST FRIEDENSFORUM\" \/>\n<meta property=\"og:description\" content=\"NAFFO ist ein Zusammenschluss engagierter B\u00fcrger in Deutschland, die sich f\u00fcr eine friedliche politische und gesellschaftliche Entwicklung im Nahen Osten einsetzen.\" \/>\n<meta property=\"og:url\" content=\"https:\/\/naffo.de\/en\/deutschland-als-brueckenbauer-naffo-mdb-mitarbeiterreise-nach-israel-und-in-die-palaestinensischen-gebiete\/\" \/>\n<meta property=\"og:site_name\" content=\"NAFFO | NAHOST FRIEDENSFORUM\" \/>\n<meta property=\"article:publisher\" content=\"https:\/\/www.facebook.com\/NAFFOeV\/\" \/>\n<meta property=\"article:published_time\" content=\"2017-12-16T10:39:30+00:00\" \/>\n<meta property=\"article:modified_time\" content=\"2019-05-28T12:21:31+00:00\" \/>\n<meta property=\"og:image\" content=\"https:\/\/naffo.de\/wp-content\/uploads\/2019\/06\/facebook.png\" \/>\n\t<meta property=\"og:image:width\" content=\"1200\" \/>\n\t<meta property=\"og:image:height\" content=\"630\" \/>\n\t<meta property=\"og:image:type\" content=\"image\/png\" \/>\n<meta name=\"author\" content=\"Gesch\u00e4ftsstelle NAFFO e.V.\" \/>\n<meta name=\"twitter:card\" content=\"summary_large_image\" \/>\n<meta name=\"twitter:label1\" content=\"Written by\" \/>\n\t<meta name=\"twitter:data1\" content=\"Gesch\u00e4ftsstelle NAFFO e.V.\" \/>\n<script type=\"application\/ld+json\" class=\"yoast-schema-graph\">{\"@context\":\"https:\\\/\\\/schema.org\",\"@graph\":[{\"@type\":\"Article\",\"@id\":\"https:\\\/\\\/naffo.de\\\/en\\\/deutschland-als-brueckenbauer-naffo-mdb-mitarbeiterreise-nach-israel-und-in-die-palaestinensischen-gebiete\\\/#article\",\"isPartOf\":{\"@id\":\"https:\\\/\\\/naffo.de\\\/en\\\/deutschland-als-brueckenbauer-naffo-mdb-mitarbeiterreise-nach-israel-und-in-die-palaestinensischen-gebiete\\\/\"},\"author\":{\"name\":\"Gesch\u00e4ftsstelle NAFFO e.V.\",\"@id\":\"https:\\\/\\\/naffo.de\\\/en\\\/#\\\/schema\\\/person\\\/3bff89d88662f38c518ffea27f82fcce\"},\"headline\":\"Deutschland als Br\u00fcckenbauer &#8211; NAFFO-MdB-Mitarbeiterreise nach Israel und in die Pal\u00e4stinensischen Gebiete\",\"datePublished\":\"2017-12-16T10:39:30+00:00\",\"dateModified\":\"2019-05-28T12:21:31+00:00\",\"mainEntityOfPage\":{\"@id\":\"https:\\\/\\\/naffo.de\\\/en\\\/deutschland-als-brueckenbauer-naffo-mdb-mitarbeiterreise-nach-israel-und-in-die-palaestinensischen-gebiete\\\/\"},\"wordCount\":66,\"publisher\":{\"@id\":\"https:\\\/\\\/naffo.de\\\/en\\\/#organization\"},\"articleSection\":[\"Activities\",\"Homepage\"],\"inLanguage\":\"en-US\"},{\"@type\":\"WebPage\",\"@id\":\"https:\\\/\\\/naffo.de\\\/en\\\/deutschland-als-brueckenbauer-naffo-mdb-mitarbeiterreise-nach-israel-und-in-die-palaestinensischen-gebiete\\\/\",\"url\":\"https:\\\/\\\/naffo.de\\\/en\\\/deutschland-als-brueckenbauer-naffo-mdb-mitarbeiterreise-nach-israel-und-in-die-palaestinensischen-gebiete\\\/\",\"name\":\"Deutschland als Br\u00fcckenbauer - NAFFO-MdB-Mitarbeiterreise nach Israel und in die Pal\u00e4stinensischen Gebiete - NAFFO | NAHOST FRIEDENSFORUM\",\"isPartOf\":{\"@id\":\"https:\\\/\\\/naffo.de\\\/en\\\/#website\"},\"datePublished\":\"2017-12-16T10:39:30+00:00\",\"dateModified\":\"2019-05-28T12:21:31+00:00\",\"description\":\"NAFFO ist ein Zusammenschluss engagierter B\u00fcrger in Deutschland, die sich f\u00fcr eine friedliche politische und gesellschaftliche Entwicklung im Nahen Osten einsetzen.\",\"breadcrumb\":{\"@id\":\"https:\\\/\\\/naffo.de\\\/en\\\/deutschland-als-brueckenbauer-naffo-mdb-mitarbeiterreise-nach-israel-und-in-die-palaestinensischen-gebiete\\\/#breadcrumb\"},\"inLanguage\":\"en-US\",\"potentialAction\":[{\"@type\":\"ReadAction\",\"target\":[\"https:\\\/\\\/naffo.de\\\/en\\\/deutschland-als-brueckenbauer-naffo-mdb-mitarbeiterreise-nach-israel-und-in-die-palaestinensischen-gebiete\\\/\"]}]},{\"@type\":\"BreadcrumbList\",\"@id\":\"https:\\\/\\\/naffo.de\\\/en\\\/deutschland-als-brueckenbauer-naffo-mdb-mitarbeiterreise-nach-israel-und-in-die-palaestinensischen-gebiete\\\/#breadcrumb\",\"itemListElement\":[{\"@type\":\"ListItem\",\"position\":1,\"name\":\"Startseite\",\"item\":\"https:\\\/\\\/naffo.de\\\/en\\\/\"},{\"@type\":\"ListItem\",\"position\":2,\"name\":\"Deutschland als Br\u00fcckenbauer &#8211; NAFFO-MdB-Mitarbeiterreise nach Israel und in die Pal\u00e4stinensischen Gebiete\"}]},{\"@type\":\"WebSite\",\"@id\":\"https:\\\/\\\/naffo.de\\\/en\\\/#website\",\"url\":\"https:\\\/\\\/naffo.de\\\/en\\\/\",\"name\":\"NAFFO | NAHOST FRIEDENSFORUM\",\"description\":\"NAFFO | NAHOST FRIEDENSFORUM\",\"publisher\":{\"@id\":\"https:\\\/\\\/naffo.de\\\/en\\\/#organization\"},\"potentialAction\":[{\"@type\":\"SearchAction\",\"target\":{\"@type\":\"EntryPoint\",\"urlTemplate\":\"https:\\\/\\\/naffo.de\\\/en\\\/?s={search_term_string}\"},\"query-input\":{\"@type\":\"PropertyValueSpecification\",\"valueRequired\":true,\"valueName\":\"search_term_string\"}}],\"inLanguage\":\"en-US\"},{\"@type\":\"Organization\",\"@id\":\"https:\\\/\\\/naffo.de\\\/en\\\/#organization\",\"name\":\"Naffo e.V.\",\"url\":\"https:\\\/\\\/naffo.de\\\/en\\\/\",\"logo\":{\"@type\":\"ImageObject\",\"inLanguage\":\"en-US\",\"@id\":\"https:\\\/\\\/naffo.de\\\/en\\\/#\\\/schema\\\/logo\\\/image\\\/\",\"url\":\"https:\\\/\\\/naffo.de\\\/wp-content\\\/uploads\\\/2018\\\/11\\\/logo-4.svg\",\"contentUrl\":\"https:\\\/\\\/naffo.de\\\/wp-content\\\/uploads\\\/2018\\\/11\\\/logo-4.svg\",\"width\":1,\"height\":1,\"caption\":\"Naffo e.V.\"},\"image\":{\"@id\":\"https:\\\/\\\/naffo.de\\\/en\\\/#\\\/schema\\\/logo\\\/image\\\/\"},\"sameAs\":[\"https:\\\/\\\/www.facebook.com\\\/NAFFOeV\\\/\"]},{\"@type\":\"Person\",\"@id\":\"https:\\\/\\\/naffo.de\\\/en\\\/#\\\/schema\\\/person\\\/3bff89d88662f38c518ffea27f82fcce\",\"name\":\"Gesch\u00e4ftsstelle NAFFO e.V.\",\"url\":\"https:\\\/\\\/naffo.de\\\/en\\\/author\\\/arasn\\\/\"}]}<\/script>\n<!-- \/ Yoast SEO plugin. -->","yoast_head_json":{"title":"Deutschland als Br\u00fcckenbauer - NAFFO-MdB-Mitarbeiterreise nach Israel und in die Pal\u00e4stinensischen Gebiete - NAFFO | NAHOST FRIEDENSFORUM","description":"NAFFO ist ein Zusammenschluss engagierter B\u00fcrger in Deutschland, die sich f\u00fcr eine friedliche politische und gesellschaftliche Entwicklung im Nahen Osten einsetzen.","robots":{"index":"index","follow":"follow","max-snippet":"max-snippet:-1","max-image-preview":"max-image-preview:large","max-video-preview":"max-video-preview:-1"},"canonical":"https:\/\/naffo.de\/en\/deutschland-als-brueckenbauer-naffo-mdb-mitarbeiterreise-nach-israel-und-in-die-palaestinensischen-gebiete\/","og_locale":"en_US","og_type":"article","og_title":"Deutschland als Br\u00fcckenbauer - NAFFO-MdB-Mitarbeiterreise nach Israel und in die Pal\u00e4stinensischen Gebiete - NAFFO | NAHOST FRIEDENSFORUM","og_description":"NAFFO ist ein Zusammenschluss engagierter B\u00fcrger in Deutschland, die sich f\u00fcr eine friedliche politische und gesellschaftliche Entwicklung im Nahen Osten einsetzen.","og_url":"https:\/\/naffo.de\/en\/deutschland-als-brueckenbauer-naffo-mdb-mitarbeiterreise-nach-israel-und-in-die-palaestinensischen-gebiete\/","og_site_name":"NAFFO | NAHOST FRIEDENSFORUM","article_publisher":"https:\/\/www.facebook.com\/NAFFOeV\/","article_published_time":"2017-12-16T10:39:30+00:00","article_modified_time":"2019-05-28T12:21:31+00:00","og_image":[{"width":1200,"height":630,"url":"https:\/\/naffo.de\/wp-content\/uploads\/2019\/06\/facebook.png","type":"image\/png"}],"author":"Gesch\u00e4ftsstelle NAFFO e.V.","twitter_card":"summary_large_image","twitter_misc":{"Written by":"Gesch\u00e4ftsstelle NAFFO e.V."},"schema":{"@context":"https:\/\/schema.org","@graph":[{"@type":"Article","@id":"https:\/\/naffo.de\/en\/deutschland-als-brueckenbauer-naffo-mdb-mitarbeiterreise-nach-israel-und-in-die-palaestinensischen-gebiete\/#article","isPartOf":{"@id":"https:\/\/naffo.de\/en\/deutschland-als-brueckenbauer-naffo-mdb-mitarbeiterreise-nach-israel-und-in-die-palaestinensischen-gebiete\/"},"author":{"name":"Gesch\u00e4ftsstelle NAFFO e.V.","@id":"https:\/\/naffo.de\/en\/#\/schema\/person\/3bff89d88662f38c518ffea27f82fcce"},"headline":"Deutschland als Br\u00fcckenbauer &#8211; NAFFO-MdB-Mitarbeiterreise nach Israel und in die Pal\u00e4stinensischen Gebiete","datePublished":"2017-12-16T10:39:30+00:00","dateModified":"2019-05-28T12:21:31+00:00","mainEntityOfPage":{"@id":"https:\/\/naffo.de\/en\/deutschland-als-brueckenbauer-naffo-mdb-mitarbeiterreise-nach-israel-und-in-die-palaestinensischen-gebiete\/"},"wordCount":66,"publisher":{"@id":"https:\/\/naffo.de\/en\/#organization"},"articleSection":["Activities","Homepage"],"inLanguage":"en-US"},{"@type":"WebPage","@id":"https:\/\/naffo.de\/en\/deutschland-als-brueckenbauer-naffo-mdb-mitarbeiterreise-nach-israel-und-in-die-palaestinensischen-gebiete\/","url":"https:\/\/naffo.de\/en\/deutschland-als-brueckenbauer-naffo-mdb-mitarbeiterreise-nach-israel-und-in-die-palaestinensischen-gebiete\/","name":"Deutschland als Br\u00fcckenbauer - NAFFO-MdB-Mitarbeiterreise nach Israel und in die Pal\u00e4stinensischen Gebiete - NAFFO | NAHOST FRIEDENSFORUM","isPartOf":{"@id":"https:\/\/naffo.de\/en\/#website"},"datePublished":"2017-12-16T10:39:30+00:00","dateModified":"2019-05-28T12:21:31+00:00","description":"NAFFO ist ein Zusammenschluss engagierter B\u00fcrger in Deutschland, die sich f\u00fcr eine friedliche politische und gesellschaftliche Entwicklung im Nahen Osten einsetzen.","breadcrumb":{"@id":"https:\/\/naffo.de\/en\/deutschland-als-brueckenbauer-naffo-mdb-mitarbeiterreise-nach-israel-und-in-die-palaestinensischen-gebiete\/#breadcrumb"},"inLanguage":"en-US","potentialAction":[{"@type":"ReadAction","target":["https:\/\/naffo.de\/en\/deutschland-als-brueckenbauer-naffo-mdb-mitarbeiterreise-nach-israel-und-in-die-palaestinensischen-gebiete\/"]}]},{"@type":"BreadcrumbList","@id":"https:\/\/naffo.de\/en\/deutschland-als-brueckenbauer-naffo-mdb-mitarbeiterreise-nach-israel-und-in-die-palaestinensischen-gebiete\/#breadcrumb","itemListElement":[{"@type":"ListItem","position":1,"name":"Startseite","item":"https:\/\/naffo.de\/en\/"},{"@type":"ListItem","position":2,"name":"Deutschland als Br\u00fcckenbauer &#8211; NAFFO-MdB-Mitarbeiterreise nach Israel und in die Pal\u00e4stinensischen Gebiete"}]},{"@type":"WebSite","@id":"https:\/\/naffo.de\/en\/#website","url":"https:\/\/naffo.de\/en\/","name":"NAFFO | NAHOST FRIEDENSFORUM","description":"NAFFO | NAHOST FRIEDENSFORUM","publisher":{"@id":"https:\/\/naffo.de\/en\/#organization"},"potentialAction":[{"@type":"SearchAction","target":{"@type":"EntryPoint","urlTemplate":"https:\/\/naffo.de\/en\/?s={search_term_string}"},"query-input":{"@type":"PropertyValueSpecification","valueRequired":true,"valueName":"search_term_string"}}],"inLanguage":"en-US"},{"@type":"Organization","@id":"https:\/\/naffo.de\/en\/#organization","name":"Naffo e.V.","url":"https:\/\/naffo.de\/en\/","logo":{"@type":"ImageObject","inLanguage":"en-US","@id":"https:\/\/naffo.de\/en\/#\/schema\/logo\/image\/","url":"https:\/\/naffo.de\/wp-content\/uploads\/2018\/11\/logo-4.svg","contentUrl":"https:\/\/naffo.de\/wp-content\/uploads\/2018\/11\/logo-4.svg","width":1,"height":1,"caption":"Naffo e.V."},"image":{"@id":"https:\/\/naffo.de\/en\/#\/schema\/logo\/image\/"},"sameAs":["https:\/\/www.facebook.com\/NAFFOeV\/"]},{"@type":"Person","@id":"https:\/\/naffo.de\/en\/#\/schema\/person\/3bff89d88662f38c518ffea27f82fcce","name":"Gesch\u00e4ftsstelle NAFFO e.V.","url":"https:\/\/naffo.de\/en\/author\/arasn\/"}]}},"_links":{"self":[{"href":"https:\/\/naffo.de\/en\/wp-json\/wp\/v2\/posts\/445","targetHints":{"allow":["GET"]}}],"collection":[{"href":"https:\/\/naffo.de\/en\/wp-json\/wp\/v2\/posts"}],"about":[{"href":"https:\/\/naffo.de\/en\/wp-json\/wp\/v2\/types\/post"}],"author":[{"embeddable":true,"href":"https:\/\/naffo.de\/en\/wp-json\/wp\/v2\/users\/14"}],"replies":[{"embeddable":true,"href":"https:\/\/naffo.de\/en\/wp-json\/wp\/v2\/comments?post=445"}],"version-history":[{"count":3,"href":"https:\/\/naffo.de\/en\/wp-json\/wp\/v2\/posts\/445\/revisions"}],"predecessor-version":[{"id":1080,"href":"https:\/\/naffo.de\/en\/wp-json\/wp\/v2\/posts\/445\/revisions\/1080"}],"wp:attachment":[{"href":"https:\/\/naffo.de\/en\/wp-json\/wp\/v2\/media?parent=445"}],"wp:term":[{"taxonomy":"category","embeddable":true,"href":"https:\/\/naffo.de\/en\/wp-json\/wp\/v2\/categories?post=445"},{"taxonomy":"post_tag","embeddable":true,"href":"https:\/\/naffo.de\/en\/wp-json\/wp\/v2\/tags?post=445"}],"curies":[{"name":"wp","href":"https:\/\/api.w.org\/{rel}","templated":true}]}}